{"id":3067,"date":"2023-07-07T12:04:42","date_gmt":"2023-07-07T12:04:42","guid":{"rendered":"https:\/\/corsi.unica.it\/filosofiaeteoriedellacomunicazione\/?p=3067"},"modified":"2023-07-07T12:04:42","modified_gmt":"2023-07-07T12:04:42","slug":"avviso-nuovo-sito-del-corso-di-laurea-magistrale-in-filosofia-e-forme-del-sapere","status":"publish","type":"post","link":"https:\/\/corsi.unica.it\/filosofiaeteoriedellacomunicazione\/2023\/07\/07\/avviso-nuovo-sito-del-corso-di-laurea-magistrale-in-filosofia-e-forme-del-sapere\/","title":{"rendered":"AVVISO: Nuovo sito del Corso di Laurea magistrale in FILOSOFIA E FORME DEL SAPERE"},"content":{"rendered":"<p>A partire dal nuovo <strong>a.a. 2023\/24<\/strong> non sar\u00e0 pi\u00f9 possibile iscriversi al CdL interclasse in Filosofia e Teorie della comunicazione. Sar\u00e0 invece possibile iscriversi al nuovo Corso di Laurea magistrale in <strong>Filosofia e Forme del sapere<\/strong>, il cui <strong>sito ufficiale<\/strong> \u00e8 il seguente: <a href=\"https:\/\/web.unica.it\/unica\/it\/crs_20_52.page\" target=\"Aw_jnq8ZyPBgjdh5ONr-vD8\" rel=\"noopener noreferrer\">https:\/\/web.unica.it\/unica\/it\/crs_20_52.page<\/a><br \/>\nIl sito \u00e8 in via di allestimento e gli studenti troveranno man mano tutte le informazioni utili sul nuovo Corso.<\/p>\n<p>&nbsp;<\/p>","protected":false},"excerpt":{"rendered":"<p>A partire dal nuovo a.a. 2023\/24 non sar\u00e0 pi\u00f9 possibile iscriversi al CdL interclasse in Filosofia e Teorie della comunicazione. Sar\u00e0 invece possibile iscriversi al nuovo Corso di Laurea magistrale in Filosofia e Forme del sapere, il cui sito ufficiale \u00e8 il seguente: https:\/\/web.unica.it\/unica\/it\/crs_20_52.page Il sito \u00e8 in via di allestimento e gli studenti troveranno man mano tutte le informazioni utili sul nuovo Corso. &nbsp;<\/p>\n","protected":false},"author":2071,"featured_media":0,"comment_status":"closed","ping_status":"closed","sticky":false,"template":"","format":"standard","meta":{"footnotes":""},"categories":[42669,42670],"tags":[],"class_list":["post-3067","post","type-post","status-publish","format-standard","hentry","category-filosofia-e-teorie-della-comunicazione-1-anno","category-filosofia-e-teorie-della-comunicazione-2-anno","category-42669-id","category-42670-id","post-seq-1","post-parity-odd","meta-position-corners","fix"],"publishpress_future_action":{"enabled":false,"date":"2026-05-07 14:50:13","action":"change-status","newStatus":"draft","terms":[],"taxonomy":"category","extraData":[]},"publishpress_future_workflow_manual_trigger":{"enabledWorkflows":[]},"_links":{"self":[{"href":"https:\/\/corsi.unica.it\/filosofiaeteoriedellacomunicazione\/wp-json\/wp\/v2\/posts\/3067","targetHints":{"allow":["GET"]}}],"collection":[{"href":"https:\/\/corsi.unica.it\/filosofiaeteoriedellacomunicazione\/wp-json\/wp\/v2\/posts"}],"about":[{"href":"https:\/\/corsi.unica.it\/filosofiaeteoriedellacomunicazione\/wp-json\/wp\/v2\/types\/post"}],"author":[{"embeddable":true,"href":"https:\/\/corsi.unica.it\/filosofiaeteoriedellacomunicazione\/wp-json\/wp\/v2\/users\/2071"}],"replies":[{"embeddable":true,"href":"https:\/\/corsi.unica.it\/filosofiaeteoriedellacomunicazione\/wp-json\/wp\/v2\/comments?post=3067"}],"version-history":[{"count":1,"href":"https:\/\/corsi.unica.it\/filosofiaeteoriedellacomunicazione\/wp-json\/wp\/v2\/posts\/3067\/revisions"}],"predecessor-version":[{"id":3068,"href":"https:\/\/corsi.unica.it\/filosofiaeteoriedellacomunicazione\/wp-json\/wp\/v2\/posts\/3067\/revisions\/3068"}],"wp:attachment":[{"href":"https:\/\/corsi.unica.it\/filosofiaeteoriedellacomunicazione\/wp-json\/wp\/v2\/media?parent=3067"}],"wp:term":[{"taxonomy":"category","embeddable":true,"href":"https:\/\/corsi.unica.it\/filosofiaeteoriedellacomunicazione\/wp-json\/wp\/v2\/categories?post=3067"},{"taxonomy":"post_tag","embeddable":true,"href":"https:\/\/corsi.unica.it\/filosofiaeteoriedellacomunicazione\/wp-json\/wp\/v2\/tags?post=3067"}],"curies":[{"name":"wp","href":"https:\/\/api.w.org\/{rel}","templated":true}]}}